{"id":2887,"date":"2025-07-11T08:38:23","date_gmt":"2025-07-11T06:38:23","guid":{"rendered":"https:\/\/centre-equestre-palis.fr\/?p=2887"},"modified":"2025-07-11T08:38:24","modified_gmt":"2025-07-11T06:38:24","slug":"programme-aout-2025","status":"publish","type":"post","link":"https:\/\/centre-equestre-palis.fr\/?p=2887","title":{"rendered":"Programme Ao\u00fbt 2025"},"content":{"rendered":"\n<p>\ud83c\udf1e Les vacances d\u2019\u00e9t\u00e9 arrivent au galop ! \ud83d\udc34\ud83d\udca6<\/p>\n\n\n\n<p>\u2728 Viens profiter de nos stages d\u2019\u00e9t\u00e9 pour tous les niveaux :<br>\ud83d\udc76 Baby-poney, \ud83d\udc0e Galops 1 \u00e0 7, jeux \u00e0 poney, balades, travail en carri\u00e8re et en ext\u00e9rieur !<\/p>\n\n\n\n<p>\ud83c\udf1f Et ce n\u2019est pas tout\u2026<br>\ud83d\udd25 Soir\u00e9es \u00e0 th\u00e8me, \u26fa mini-camps, \ud83c\udf0a bain des poneys \u00e0 la rivi\u00e8re\u2026<br>Un programme fun, vari\u00e9 et plein de surprises t\u2019attend !<\/p>\n\n\n\n<p>\ud83d\udcc5 \u00c0 la journ\u00e9e ou \u00e0 la semaine<br>\ud83d\udccd Places limit\u00e9es \u2013 ne tarde pas \u00e0 r\u00e9server !<\/p>\n\n\n\n<p>\ud83d\udce9 Infos &amp; inscriptions en MP ou directement au centre.<br>\ud83d\udc96 Poneys adorables, rires garantis et souvenirs inoubliables !<\/p>\n\n\n\n<figure class=\"wp-block-image size-large\"><img fetchpriority=\"high\" decoding=\"async\" width=\"757\" height=\"1024\" src=\"https:\/\/centre-equestre-palis.fr\/wp-content\/uploads\/2025\/07\/Capture-decran-2025-07-11-a-08.35.51-757x1024.png\" alt=\"\" class=\"wp-image-2888\" srcset=\"https:\/\/centre-equestre-palis.fr\/wp-content\/uploads\/2025\/07\/Capture-decran-2025-07-11-a-08.35.51-757x1024.png 757w, https:\/\/centre-equestre-palis.fr\/wp-content\/uploads\/2025\/07\/Capture-decran-2025-07-11-a-08.35.51-222x300.png 222w, https:\/\/centre-equestre-palis.fr\/wp-content\/uploads\/2025\/07\/Capture-decran-2025-07-11-a-08.35.51-768x1038.png 768w, https:\/\/centre-equestre-palis.fr\/wp-content\/uploads\/2025\/07\/Capture-decran-2025-07-11-a-08.35.51.png 1136w\" sizes=\"(max-width: 757px) 100vw, 757px\" \/><\/figure>\n","protected":false},"excerpt":{"rendered":"<p>\ud83c\udf1e Les vacances d\u2019\u00e9t\u00e9 arrivent au galop ! \ud83d\udc34\ud83d\udca6 \u2728 Viens profiter de nos stages d\u2019\u00e9t\u00e9 pour tous les niveaux :\ud83d\udc76 Baby-poney, \ud83d\udc0e Galops 1 \u00e0 7, jeux \u00e0 poney, balades, travail en carri\u00e8re et en ext\u00e9rieur ! \ud83c\udf1f Et ce n\u2019est pas tout\u2026\ud83d\udd25 Soir\u00e9es \u00e0 th\u00e8me, \u26fa mini-camps, \ud83c\udf0a bain des poneys \u00e0 la [&hellip;]<\/p>\n","protected":false},"author":4,"featured_media":1619,"comment_status":"open","ping_status":"open","sticky":false,"template":"","format":"standard","meta":{"_monsterinsights_skip_tracking":false,"_monsterinsights_sitenote_active":false,"_monsterinsights_sitenote_note":"","_monsterinsights_sitenote_category":0,"footnotes":""},"categories":[1],"tags":[],"class_list":["post-2887","post","type-post","status-publish","format-standard","has-post-thumbnail","hentry","category-non-classe"],"aioseo_notices":[],"_links":{"self":[{"href":"https:\/\/centre-equestre-palis.fr\/index.php?rest_route=\/wp\/v2\/posts\/2887","targetHints":{"allow":["GET"]}}],"collection":[{"href":"https:\/\/centre-equestre-palis.fr\/index.php?rest_route=\/wp\/v2\/posts"}],"about":[{"href":"https:\/\/centre-equestre-palis.fr\/index.php?rest_route=\/wp\/v2\/types\/post"}],"author":[{"embeddable":true,"href":"https:\/\/centre-equestre-palis.fr\/index.php?rest_route=\/wp\/v2\/users\/4"}],"replies":[{"embeddable":true,"href":"https:\/\/centre-equestre-palis.fr\/index.php?rest_route=%2Fwp%2Fv2%2Fcomments&post=2887"}],"version-history":[{"count":1,"href":"https:\/\/centre-equestre-palis.fr\/index.php?rest_route=\/wp\/v2\/posts\/2887\/revisions"}],"predecessor-version":[{"id":2889,"href":"https:\/\/centre-equestre-palis.fr\/index.php?rest_route=\/wp\/v2\/posts\/2887\/revisions\/2889"}],"wp:featuredmedia":[{"embeddable":true,"href":"https:\/\/centre-equestre-palis.fr\/index.php?rest_route=\/wp\/v2\/media\/1619"}],"wp:attachment":[{"href":"https:\/\/centre-equestre-palis.fr\/index.php?rest_route=%2Fwp%2Fv2%2Fmedia&parent=2887"}],"wp:term":[{"taxonomy":"category","embeddable":true,"href":"https:\/\/centre-equestre-palis.fr\/index.php?rest_route=%2Fwp%2Fv2%2Fcategories&post=2887"},{"taxonomy":"post_tag","embeddable":true,"href":"https:\/\/centre-equestre-palis.fr\/index.php?rest_route=%2Fwp%2Fv2%2Ftags&post=2887"}],"curies":[{"name":"wp","href":"https:\/\/api.w.org\/{rel}","templated":true}]}}