{"id":2880,"date":"2025-07-11T08:31:25","date_gmt":"2025-07-11T06:31:25","guid":{"rendered":"https:\/\/centre-equestre-palis.fr\/?p=2880"},"modified":"2025-07-11T08:31:26","modified_gmt":"2025-07-11T06:31:26","slug":"formule-demi-pension-ete","status":"publish","type":"post","link":"https:\/\/centre-equestre-palis.fr\/?p=2880","title":{"rendered":"Formule demi-pension \u00e9t\u00e9"},"content":{"rendered":"\n<p>\ud83d\udc34\u2600\ufe0f La Demi-Pension d\u2019\u00c9t\u00e9 est ouverte au Centre \u00c9questre Le Palis ! \u2600\ufe0f\ud83d\udc34<br>Profite de ton \u00e9t\u00e9 avec un cheval rien qu\u2019\u00e0 toi, \u00e0 ton rythme et selon ton niveau \ud83c\udf3f<\/p>\n\n\n\n<p>\u2728 Formules disponibles (juillet &amp; ao\u00fbt) :<br>\u25ab\ufe0f 70 \u20ac : travail \u00e0 pied 4x\/semaine<br>\u25ab\ufe0f 100 \u20ac : monte libre 3x\/semaine (sans cours)<br>\u25ab\ufe0f 150 \u20ac : monte libre 4x\/semaine (sans cours)<br>\u25ab\ufe0f 250 \u20ac : 3x monte libre + 1 cours particulier\/semaine<\/p>\n\n\n\n<p>\ud83d\udccd Adapt\u00e9 \u00e0 tous les niveaux<br>\ud83d\udcc6 Engagement au mois ou pour les 2 mois<br>\ud83d\udcde Infos &amp; inscriptions en MP ou \u00e0 l\u2019accueil du centre<\/p>\n\n\n\n<p>\ud83c\udf38 Places limit\u00e9es \u2013 r\u00e9servez vite !<\/p>\n\n\n\n<figure class=\"wp-block-image size-large\"><img fetchpriority=\"high\" decoding=\"async\" width=\"1024\" height=\"953\" src=\"https:\/\/centre-equestre-palis.fr\/wp-content\/uploads\/2025\/07\/Capture-decran-2025-07-11-a-08.29.21-1024x953.png\" alt=\"\" class=\"wp-image-2881\" srcset=\"https:\/\/centre-equestre-palis.fr\/wp-content\/uploads\/2025\/07\/Capture-decran-2025-07-11-a-08.29.21-1024x953.png 1024w, https:\/\/centre-equestre-palis.fr\/wp-content\/uploads\/2025\/07\/Capture-decran-2025-07-11-a-08.29.21-300x279.png 300w, https:\/\/centre-equestre-palis.fr\/wp-content\/uploads\/2025\/07\/Capture-decran-2025-07-11-a-08.29.21-768x715.png 768w, https:\/\/centre-equestre-palis.fr\/wp-content\/uploads\/2025\/07\/Capture-decran-2025-07-11-a-08.29.21.png 1524w\" sizes=\"(max-width: 1024px) 100vw, 1024px\" \/><\/figure>\n","protected":false},"excerpt":{"rendered":"<p>\ud83d\udc34\u2600\ufe0f La Demi-Pension d\u2019\u00c9t\u00e9 est ouverte au Centre \u00c9questre Le Palis ! \u2600\ufe0f\ud83d\udc34Profite de ton \u00e9t\u00e9 avec un cheval rien qu\u2019\u00e0 toi, \u00e0 ton rythme et selon ton niveau \ud83c\udf3f \u2728 Formules disponibles (juillet &amp; ao\u00fbt) :\u25ab\ufe0f 70 \u20ac : travail \u00e0 pied 4x\/semaine\u25ab\ufe0f 100 \u20ac : monte libre 3x\/semaine (sans cours)\u25ab\ufe0f 150 \u20ac : [&hellip;]<\/p>\n","protected":false},"author":4,"featured_media":2881,"comment_status":"open","ping_status":"open","sticky":false,"template":"","format":"standard","meta":{"_monsterinsights_skip_tracking":false,"_monsterinsights_sitenote_active":false,"_monsterinsights_sitenote_note":"","_monsterinsights_sitenote_category":0,"footnotes":""},"categories":[1],"tags":[],"class_list":["post-2880","post","type-post","status-publish","format-standard","has-post-thumbnail","hentry","category-non-classe"],"aioseo_notices":[],"_links":{"self":[{"href":"https:\/\/centre-equestre-palis.fr\/index.php?rest_route=\/wp\/v2\/posts\/2880","targetHints":{"allow":["GET"]}}],"collection":[{"href":"https:\/\/centre-equestre-palis.fr\/index.php?rest_route=\/wp\/v2\/posts"}],"about":[{"href":"https:\/\/centre-equestre-palis.fr\/index.php?rest_route=\/wp\/v2\/types\/post"}],"author":[{"embeddable":true,"href":"https:\/\/centre-equestre-palis.fr\/index.php?rest_route=\/wp\/v2\/users\/4"}],"replies":[{"embeddable":true,"href":"https:\/\/centre-equestre-palis.fr\/index.php?rest_route=%2Fwp%2Fv2%2Fcomments&post=2880"}],"version-history":[{"count":1,"href":"https:\/\/centre-equestre-palis.fr\/index.php?rest_route=\/wp\/v2\/posts\/2880\/revisions"}],"predecessor-version":[{"id":2882,"href":"https:\/\/centre-equestre-palis.fr\/index.php?rest_route=\/wp\/v2\/posts\/2880\/revisions\/2882"}],"wp:featuredmedia":[{"embeddable":true,"href":"https:\/\/centre-equestre-palis.fr\/index.php?rest_route=\/wp\/v2\/media\/2881"}],"wp:attachment":[{"href":"https:\/\/centre-equestre-palis.fr\/index.php?rest_route=%2Fwp%2Fv2%2Fmedia&parent=2880"}],"wp:term":[{"taxonomy":"category","embeddable":true,"href":"https:\/\/centre-equestre-palis.fr\/index.php?rest_route=%2Fwp%2Fv2%2Fcategories&post=2880"},{"taxonomy":"post_tag","embeddable":true,"href":"https:\/\/centre-equestre-palis.fr\/index.php?rest_route=%2Fwp%2Fv2%2Ftags&post=2880"}],"curies":[{"name":"wp","href":"https:\/\/api.w.org\/{rel}","templated":true}]}}